[{"@context":"https:\/\/schema.org\/","@type":"Article","@id":"https:\/\/www.aest.cz\/uzijte-si-dovolenou\/#Article","mainEntityOfPage":"https:\/\/www.aest.cz\/uzijte-si-dovolenou\/","headline":"U\u017eijte si dovolenou","name":"U\u017eijte si dovolenou","description":"Dovolen\u00e1 je kone\u010dn\u011b za chv\u00edli tady a nikdo se u\u017e nem\u016f\u017ee do\u010dkat na to, a\u017e si odpo\u010dine po n\u00e1ro\u010dn\u00e9m roce pln\u00e9m pr\u00e1ce. Samoz\u0159ejm\u011b n\u011bkte\u0159\u00ed lid\u00e9 maj\u00ed i p\u0159es rok dovolenou, ale nen\u00ed to ta prav\u00e1 dovolen\u00e1 jako v l\u00e9t\u011b, proto\u017ee v\u011bt\u0161ina lid\u00ed jezd\u00ed na dovolenou pr\u00e1v\u011b v toto obdob\u00ed a jezd\u00ed na del\u0161\u00ed dobu, t\u0159eba...<p class=\"more-link-wrap\"><a href=\"https:\/\/www.aest.cz\/uzijte-si-dovolenou\/\" class=\"more-link\">P\u0159e\u010d\u00edst<span class=\"screen-reader-text\"> &ldquo;U\u017eijte si dovolenou&rdquo;<\/span> &raquo;<\/a><\/p>","datePublished":"2023-04-30","dateModified":"2023-09-05","author":{"@type":"Person","@id":"https:\/\/www.aest.cz\/author\/#Person","name":"","url":"https:\/\/www.aest.cz\/author\/","identifier":1,"image":{"@type":"ImageObject","@id":"https:\/\/secure.gravatar.com\/avatar\/da76ffe9456a057fb26f92cd8eb3d2effca853864e9ae2a35290bd1e10b1f7d4?s=96&d=mm&r=g","url":"https:\/\/secure.gravatar.com\/avatar\/da76ffe9456a057fb26f92cd8eb3d2effca853864e9ae2a35290bd1e10b1f7d4?s=96&d=mm&r=g","height":96,"width":96}},"publisher":{"@type":"Organization","name":"aest.cz","logo":{"@type":"ImageObject","@id":"\/logo.png","url":"\/logo.png","width":600,"height":60}},"image":{"@type":"ImageObject","@id":"https:\/\/www.aest.cz\/wp-content\/uploads\/father-656734_640_2.jpg","url":"https:\/\/www.aest.cz\/wp-content\/uploads\/father-656734_640_2.jpg","height":0,"width":0},"url":"https:\/\/www.aest.cz\/uzijte-si-dovolenou\/","about":["Podnik\u00e1n\u00ed"],"wordCount":473,"articleBody":"       Dovolen\u00e1 je kone\u010dn\u011b za chv\u00edli tady a nikdo se u\u017e nem\u016f\u017ee do\u010dkat na to, a\u017e si odpo\u010dine po n\u00e1ro\u010dn\u00e9m roce pln\u00e9m pr\u00e1ce. Samoz\u0159ejm\u011b n\u011bkte\u0159\u00ed lid\u00e9 maj\u00ed i p\u0159es rok dovolenou, ale nen\u00ed to ta prav\u00e1 dovolen\u00e1 jako v l\u00e9t\u011b, proto\u017ee v\u011bt\u0161ina lid\u00ed jezd\u00ed na dovolenou pr\u00e1v\u011b v toto obdob\u00ed a jezd\u00ed na del\u0161\u00ed dobu, t\u0159eba na dva t\u00fddny. Je to super obdob\u00ed jednak proto, \u017ee v bli\u017e\u0161\u00edch st\u00e1tech, kam lid\u00e9 jezd\u00ed na dovolenou k mo\u0159i je dobr\u00e9 po\u010das\u00ed, jednak d\u011bti maj\u00ed cel\u00e9 dva m\u011bs\u00edce volno ve \u0161kole, proto\u017ee maj\u00ed pr\u00e1zdniny, a tak toho lid\u00e9 vyu\u017e\u00edvaj\u00ed a zkr\u00e1tka to spoj\u00ed dohromady tak, a\u0165 maj\u00ed v\u0161ichni v rodin\u011b volno a jedou na dovolenou, proto nej\u010dast\u011bji v l\u00e9t\u011b, proto\u017ee jindy nen\u00ed tak ide\u00e1ln\u00ed doba jako pr\u00e1v\u011b v l\u00e9t\u011b. L\u00e9to je nav\u00edc pln\u00e9 dobrodru\u017estv\u00ed, lid\u00e9 maj\u00ed i dobrou n\u00e1ladu a v\u0161echno je fajn a p\u0159\u00edjemn\u00e9, pr\u00e1v\u011b proto je l\u00e9to pln\u00e9 dovolen\u00fdch a lid\u00e9 si zkr\u00e1tka u\u017e\u00edvaj\u00ed sv\u016fj \u010das. Dovolen\u00e1 ale nemus\u00ed b\u00fdt nutn\u011b n\u011bkde u mo\u0159e, pro n\u011bkoho si sta\u010d\u00ed vyjet po \u010cesku, obzvl\u00e1\u0161\u0165 v l\u00e9t\u011b, kdy je v\u0161ude naprosto kr\u00e1sn\u011b a p\u0159\u00edjemn\u011b a lidem se to l\u00edb\u00ed. N\u011bkdo si vyjede nap\u0159\u00edklad do penzionu v \u010cesk\u00fdch Bud\u011bjovic\u00edch https:\/\/www.penzionurudolfa.cz\/ a tam si u\u017eije svou dovolenou, n\u011bkdo se zase vyd\u00e1 nap\u0159\u00edklad do Prahy, kde si u\u017eije historick\u00e9 m\u011bsto a ud\u011bl\u00e1 si z toho t\u0159\u00eddenn\u00ed dovolenou. V\u017edy je kam j\u00edt, jen je t\u0159eba cht\u00edt a nemus\u00edte m\u00edt na to p\u0159\u00edmo n\u011bjak vyhrazen\u00e9 pen\u00edze, \u017ee byste si na to museli \u0161et\u0159it n\u011bkolik let. Zas tak drah\u00e9 to nen\u00ed a d\u00e1 se cestovat velmi levn\u011b, tak\u017ee se toho nemus\u00edte v\u016fbec b\u00e1t. Nav\u00edc i \u010cesko je n\u00e1dhern\u00e1 zem\u011b a je dobr\u00e9 zn\u00e1t zemi, ve kter\u00e9 \u017eijete cel\u00fd \u017eivot.N\u011bkdo m\u00e1 ale rad\u0161i tu exotiku, tak se vyd\u00e1 k mo\u0159i, n\u011bkdo r\u00e1d pozn\u00e1v\u00e1, tak jede sp\u00ed\u0161e na pozn\u00e1vac\u00ed z\u00e1jezd, to jsou sp\u00ed\u0161e mlad\u0161\u00ed lid\u00e9, kte\u0159\u00ed se necht\u011bj\u00ed jen tak v\u00e1let u mo\u0159e na zadku a p\u00edt drinky. J\u00edst a p\u00edt m\u016f\u017ee \u010dlov\u011bk i doma, a proto by m\u011bl ka\u017ed\u00fd sp\u00ed\u0161e pozn\u00e1vat a sna\u017eit se proj\u00edt si alespo\u0148 zn\u00e1m\u00e1 m\u011bsta destinace, kam se vyd\u00e1. Je to hezk\u00e9 poznat tak\u00e9 jinou zemi ne\u017e tu, kde bydl\u00edme.                                                                                                                                                                                                                                                                                                                                                                                                   "},{"@context":"https:\/\/schema.org\/","@type":"BreadcrumbList","itemListElement":[{"@type":"ListItem","position":1,"name":"U\u017eijte si dovolenou","item":"https:\/\/www.aest.cz\/uzijte-si-dovolenou\/#breadcrumbitem"}]}]