[{"@context":"https:\/\/schema.org\/","@type":"Article","@id":"https:\/\/www.aest.cz\/svet-je-otevreny-vsem-kteri-se-ho-neboji\/#Article","mainEntityOfPage":"https:\/\/www.aest.cz\/svet-je-otevreny-vsem-kteri-se-ho-neboji\/","headline":"Sv\u011bt je otev\u0159en\u00fd v\u0161em, kte\u0159\u00ed se ho neboj\u00ed","name":"Sv\u011bt je otev\u0159en\u00fd v\u0161em, kte\u0159\u00ed se ho neboj\u00ed","description":"Ned\u011blejte z kom\u00e1ra velblouda a rad\u011bji se nau\u010dte spol\u00e9hat sami na sebe. V mnoha ohledech se v\u00e1m to vyplat\u00ed. Pen\u00edze toti\u017e opravdu nejsou pro \u017eivot tak d\u016fle\u017eit\u00e9, jak se n\u00e1s o tom sna\u017e\u00ed p\u0159esv\u011bd\u010dovat r\u016fzn\u00e9 reklamy, banky a skute\u010dn\u00ed vl\u00e1dci tohoto sv\u011bta. A na sv\u011bt\u011b existuje hodn\u011b lid\u00ed, kte\u0159\u00ed se bez nich dok\u00e1\u017e\u00ed dost dob\u0159e...<p class=\"more-link-wrap\"><a href=\"https:\/\/www.aest.cz\/svet-je-otevreny-vsem-kteri-se-ho-neboji\/\" class=\"more-link\">P\u0159e\u010d\u00edst<span class=\"screen-reader-text\"> &ldquo;Sv\u011bt je otev\u0159en\u00fd v\u0161em, kte\u0159\u00ed se ho neboj\u00ed&rdquo;<\/span> &raquo;<\/a><\/p>","datePublished":"2017-09-01","dateModified":"2017-09-01","author":{"@type":"Person","@id":"https:\/\/www.aest.cz\/author\/#Person","name":"","url":"https:\/\/www.aest.cz\/author\/","identifier":1,"image":{"@type":"ImageObject","@id":"https:\/\/secure.gravatar.com\/avatar\/da76ffe9456a057fb26f92cd8eb3d2effca853864e9ae2a35290bd1e10b1f7d4?s=96&d=mm&r=g","url":"https:\/\/secure.gravatar.com\/avatar\/da76ffe9456a057fb26f92cd8eb3d2effca853864e9ae2a35290bd1e10b1f7d4?s=96&d=mm&r=g","height":96,"width":96}},"publisher":{"@type":"Organization","name":"aest.cz","logo":{"@type":"ImageObject","@id":"\/logo.png","url":"\/logo.png","width":600,"height":60}},"image":{"@type":"ImageObject","@id":"https:\/\/www.aest.cz\/wp-content\/uploads\/img_a297834_w2244_t1508222466.jpg","url":"https:\/\/www.aest.cz\/wp-content\/uploads\/img_a297834_w2244_t1508222466.jpg","height":0,"width":0},"url":"https:\/\/www.aest.cz\/svet-je-otevreny-vsem-kteri-se-ho-neboji\/","about":["Cestov\u00e1n\u00ed"],"wordCount":377,"articleBody":"   Ned\u011blejte z kom\u00e1ra velblouda a rad\u011bji se nau\u010dte spol\u00e9hat sami na sebe. V mnoha ohledech se v\u00e1m to vyplat\u00ed. Pen\u00edze toti\u017e opravdu nejsou pro \u017eivot tak d\u016fle\u017eit\u00e9, jak se n\u00e1s o tom sna\u017e\u00ed p\u0159esv\u011bd\u010dovat r\u016fzn\u00e9 reklamy, banky a skute\u010dn\u00ed vl\u00e1dci tohoto sv\u011bta. A na sv\u011bt\u011b existuje hodn\u011b lid\u00ed, kte\u0159\u00ed se bez nich dok\u00e1\u017e\u00ed dost dob\u0159e obej\u00edt. Ov\u0161em k tomu, abyste si vyrazili na skv\u011blou dovolenou, se nemus\u00edte st\u00e1t revolucion\u00e1\u0159i ani poustevn\u00edky. Bude v\u00e1m k tomu sta\u010dit jen mal\u00e1 revoluce ve va\u0161em osobn\u00edm \u017eivot\u011b.Prost\u011b zkuste jednou sv\u00e9 volno pro\u017e\u00edt jinak. A abyste to ud\u011blali levn\u011b, tak to rozhodn\u011b nemus\u00ed b\u00fdt doma u baz\u00e9nu anebo u obecn\u00edho rybn\u00edka. Pokud v\u0161ak vodu m\u00e1te r\u00e1di, m\u016f\u017eete si ji vychutnat t\u0159eba na jihu \u010di na severu Evropy anebo kdekoli jinde na sv\u011bt\u011b, kde v\u00e1m m\u00e1 tam\u011bj\u0161\u00ed kultura a p\u0159\u00edroda co nab\u00eddnout. A pokud pojedete po vlastn\u00ed ose, tak si m\u016f\u017eete vybrat zcela libovoln\u011b, nez\u00e1visle na nab\u00eddk\u00e1ch v kataloz\u00edch cestovn\u00edch kancel\u00e1\u0159\u00ed. A k takov\u00e9 svobod\u011b v\u00e1m sta\u010d\u00ed pouh\u00e9 \u010dty\u0159i kola automobilu dopln\u011bn\u00e9ho o ta\u017en\u00e9 za\u0159\u00edzen\u00e9 vw touran a obytn\u00fd p\u0159\u00edv\u011bs. Pravda je sice takov\u00e1, \u017ee svobodn\u011b m\u016f\u017eete cestovat naprosto bez \u010dehokoli, i bez prost\u0159edk\u016f, jak dopravn\u00edch, tak finan\u010dn\u00edch, ov\u0161em pokud se nechcete ob\u00e1vat o svou existenci a m\u00edt p\u0159ece jen n\u011bjak\u00e9 jistoty, jako je t\u0159eba st\u0159echa nad hlavou, pak je cestov\u00e1n\u00ed s karavanem tou pravou volbou.Sta\u010d\u00ed nasednout a vyjet. T\u0159eba za n\u011bjak\u00fdm konkr\u00e9tn\u00edm c\u00edlem anebo jen tak naslepo, kam v\u00e1s to zrovna pot\u00e1hne. Sp\u00e1t m\u016f\u017eete, kdykoli budete pot\u0159ebovat a j\u00eddlo si m\u016f\u017eete vz\u00edt s sebou do z\u00e1soby anebo jej dopl\u0148ovat pr\u016fb\u011b\u017en\u011b cestou. V dne\u0161n\u00ed dob\u011b se d\u00e1 ji\u017e v\u0161echno v\u0161ude sehnat. A pokud v\u00e1m bude Evropa mal\u00e1, tak klidn\u011b m\u016f\u017eete zam\u00ed\u0159it i d\u00e1l.                                                                                                                                                                                                                                                                                                                                                                                                  "},{"@context":"https:\/\/schema.org\/","@type":"BreadcrumbList","itemListElement":[{"@type":"ListItem","position":1,"name":"Sv\u011bt je otev\u0159en\u00fd v\u0161em, kte\u0159\u00ed se ho neboj\u00ed","item":"https:\/\/www.aest.cz\/svet-je-otevreny-vsem-kteri-se-ho-neboji\/#breadcrumbitem"}]}]