[{"@context":"https:\/\/schema.org\/","@type":"Article","@id":"https:\/\/www.aest.cz\/staci-i-malo-a-more-si-uzijete\/#Article","mainEntityOfPage":"https:\/\/www.aest.cz\/staci-i-malo-a-more-si-uzijete\/","headline":"Sta\u010d\u00ed i m\u00e1lo a mo\u0159e si u\u017eijete","name":"Sta\u010d\u00ed i m\u00e1lo a mo\u0159e si u\u017eijete","description":"Vy\u0161\u0161\u00ed teploty a p\u0159\u00edjemn\u011b chladiv\u00e9 mo\u0159e, to je snad sen ka\u017ed\u00e9ho \u010dlov\u011bka, kter\u00fd \u017eije usp\u011bchan\u011bj\u0161\u00ed \u017eivot, kde se p\u0159\u00edli\u0161 nezastav\u00ed. Pokud je toto i v\u00e1\u0161 p\u0159\u00edpad, nev\u00e1hejte se obr\u00e1tit na n\u00e1s. Postar\u00e1me se o to, abyste se ji\u017e nad\u00e1le nemuseli tr\u00e1pit se sv\u00fdm \u017eivotem, ale mohli si tak\u00e9 trochu u\u017e\u00edt. Na\u0161e apartm\u00e1ny Chorvatsko jsou to...<p class=\"more-link-wrap\"><a href=\"https:\/\/www.aest.cz\/staci-i-malo-a-more-si-uzijete\/\" class=\"more-link\">P\u0159e\u010d\u00edst<span class=\"screen-reader-text\"> &ldquo;Sta\u010d\u00ed i m\u00e1lo a mo\u0159e si u\u017eijete&rdquo;<\/span> &raquo;<\/a><\/p>","datePublished":"2023-08-09","dateModified":"2023-08-09","author":{"@type":"Person","@id":"https:\/\/www.aest.cz\/author\/#Person","name":"","url":"https:\/\/www.aest.cz\/author\/","identifier":1,"image":{"@type":"ImageObject","@id":"https:\/\/secure.gravatar.com\/avatar\/da76ffe9456a057fb26f92cd8eb3d2effca853864e9ae2a35290bd1e10b1f7d4?s=96&d=mm&r=g","url":"https:\/\/secure.gravatar.com\/avatar\/da76ffe9456a057fb26f92cd8eb3d2effca853864e9ae2a35290bd1e10b1f7d4?s=96&d=mm&r=g","height":96,"width":96}},"publisher":{"@type":"Organization","name":"aest.cz","logo":{"@type":"ImageObject","@id":"\/logo.png","url":"\/logo.png","width":600,"height":60}},"url":"https:\/\/www.aest.cz\/staci-i-malo-a-more-si-uzijete\/","wordCount":243,"articleBody":"Vy\u0161\u0161\u00ed teploty a p\u0159\u00edjemn\u011b chladiv\u00e9 mo\u0159e, to je snad sen ka\u017ed\u00e9ho \u010dlov\u011bka, kter\u00fd \u017eije usp\u011bchan\u011bj\u0161\u00ed \u017eivot, kde se p\u0159\u00edli\u0161 nezastav\u00ed. Pokud je toto i v\u00e1\u0161 p\u0159\u00edpad, nev\u00e1hejte se obr\u00e1tit na n\u00e1s. Postar\u00e1me se o to, abyste se ji\u017e nad\u00e1le nemuseli tr\u00e1pit se sv\u00fdm \u017eivotem, ale mohli si tak\u00e9 trochu u\u017e\u00edt. Na\u0161e apartm\u00e1ny Chorvatsko jsou to nejkr\u00e1sn\u011bj\u0161\u00ed mo\u017enost\u00ed, jak si u\u017e\u00edt pohodln\u00e9ho pob\u00fdv\u00e1n\u00ed u Jadersk\u00e9ho mo\u0159e. Jsme tu pro v\u0161echny z\u00e1jemce, kte\u0159\u00ed se sna\u017e\u00ed o zp\u0159\u00edjemn\u011bn\u00ed si sv\u00e9ho \u017eivota. A\u0165 u\u017e si vyberete z na\u0161\u00ed nab\u00eddky jak\u00fdkoliv objekt, budete nad\u0161eni.Pro v\u0161echny, kte\u0159\u00ed tou\u017e\u00ed po kliduVelkou v\u00fdhodou Chorvatska je p\u0159edev\u0161\u00edm jeho dostupnost. I ti, kte\u0159\u00ed nemaj\u00ed p\u0159\u00edli\u0161 mnoho financ\u00ed na n\u011bjak\u00e9 dovolen\u00e9, si mohou dovolit jet alespo\u0148 k Jadersk\u00e9mu mo\u0159i, a to nap\u0159\u00edklad na v\u00edkend. V\u00edkend ale nesta\u010d\u00ed k tomu, abyste poznali opravdu v\u0161echny kr\u00e1sy, kter\u00e9 se tohoto b\u00e1je\u010dn\u00e9ho m\u00edsta t\u00fdkaj\u00ed. Ka\u017edop\u00e1dn\u011b z\u00e1le\u017e\u00ed pouze na v\u00e1s, jak\u00e9 u\u010din\u00edte rozhodnut\u00ed. Na\u0161e nab\u00eddka v\u00e1m ale d\u00e1v\u00e1 b\u00e1je\u010dnou mo\u017enost vybrat si kr\u00e1sn\u00e9 ubytov\u00e1n\u00ed, kter\u00e9 v\u00e1m poskytovat st\u0159echu nad hlavou v t\u00e9to kr\u00e1sn\u00e9 zemi.                                                                                                                                                                                                                                                                                                                                                                                                "},{"@context":"https:\/\/schema.org\/","@type":"BreadcrumbList","itemListElement":[{"@type":"ListItem","position":1,"name":"Sta\u010d\u00ed i m\u00e1lo a mo\u0159e si u\u017eijete","item":"https:\/\/www.aest.cz\/staci-i-malo-a-more-si-uzijete\/#breadcrumbitem"}]}]