[{"@context":"https:\/\/schema.org\/","@type":"Article","@id":"https:\/\/www.aest.cz\/schody-a-design\/#Article","mainEntityOfPage":"https:\/\/www.aest.cz\/schody-a-design\/","headline":"Schody a design","name":"Schody a design","description":"Kdy\u017e jsem p\u0159em\u00fd\u0161lela, co doma je\u0161t\u011b zlep\u0161it anebo vym\u011bnit, tak jsem v\u016fbec nemohla p\u0159ij\u00edt na to, co by to p\u0159esn\u011b asi mohlo b\u00fdt. \/proto\u017ee j\u00e1 pat\u0159\u00edm k takov\u00fdm t\u011bm lidem, kte\u0159\u00ed by nejrad\u011bji st\u00e1le n\u011bco m\u011bnili anebo zlep\u0161ovali. Tak\u017ee jsem se sv\u00e9ho p\u0159\u00edtele zeptala, jestli by mu nevadilo, kdy bychom t\u0159eba vymalovali novou kuchy\u0148 anebo...<p class=\"more-link-wrap\"><a href=\"https:\/\/www.aest.cz\/schody-a-design\/\" class=\"more-link\">P\u0159e\u010d\u00edst<span class=\"screen-reader-text\"> &ldquo;Schody a design&rdquo;<\/span> &raquo;<\/a><\/p>","datePublished":"2023-04-15","dateModified":"2023-05-18","author":{"@type":"Person","@id":"https:\/\/www.aest.cz\/author\/#Person","name":"","url":"https:\/\/www.aest.cz\/author\/","identifier":1,"image":{"@type":"ImageObject","@id":"https:\/\/secure.gravatar.com\/avatar\/da76ffe9456a057fb26f92cd8eb3d2effca853864e9ae2a35290bd1e10b1f7d4?s=96&d=mm&r=g","url":"https:\/\/secure.gravatar.com\/avatar\/da76ffe9456a057fb26f92cd8eb3d2effca853864e9ae2a35290bd1e10b1f7d4?s=96&d=mm&r=g","height":96,"width":96}},"publisher":{"@type":"Organization","name":"aest.cz","logo":{"@type":"ImageObject","@id":"\/logo.png","url":"\/logo.png","width":600,"height":60}},"image":{"@type":"ImageObject","@id":"https:\/\/www.aest.cz\/wp-content\/uploads\/stairs-4927569_960_720.jpg","url":"https:\/\/www.aest.cz\/wp-content\/uploads\/stairs-4927569_960_720.jpg","height":0,"width":0},"url":"https:\/\/www.aest.cz\/schody-a-design\/","about":["Zbo\u017e\u00ed"],"wordCount":448,"articleBody":"   Kdy\u017e jsem p\u0159em\u00fd\u0161lela, co doma je\u0161t\u011b zlep\u0161it anebo vym\u011bnit, tak jsem v\u016fbec nemohla p\u0159ij\u00edt na to, co by to p\u0159esn\u011b asi mohlo b\u00fdt. \/proto\u017ee j\u00e1 pat\u0159\u00edm k takov\u00fdm t\u011bm lidem, kte\u0159\u00ed by nejrad\u011bji st\u00e1le n\u011bco m\u011bnili anebo zlep\u0161ovali. Tak\u017ee jsem se sv\u00e9ho p\u0159\u00edtele zeptala, jestli by mu nevadilo, kdy bychom t\u0159eba vymalovali novou kuchy\u0148 anebo alespo\u0148 koupelnu. A p\u0159\u00edtel mi \u0159ekl, \u017ee by to nebyl v\u016fbec \u017e\u00e1dn\u00fd probl\u00e9m, proto\u017ee u\u017e taky nad t\u00edm p\u0159em\u00fd\u0161lel, co\u017e m\u011b t\u011b\u0161ilo. Tak\u017ee m\u011b to samoz\u0159ejm\u011b opravdu moc p\u0159ekvapilo. Potom jsem si \u0159ekla, \u017ee kdy\u017e velice \u010dasto chod\u00edm si sednout na zahradu na schody, kdy piji k\u00e1vu a ob\u010das si d\u00e1m cigaretu, \u017ee by taky nebylo od v\u011bci, kdybychom si u\u017e dali kr\u00e1sn\u00e9 nov\u00e9 p\u011bkn\u00e9 schodi\u0161t\u011b. Uv\u011bdomila jsem si, \u017ee tu na\u0161e star\u00e9 schodi\u0161t\u011b, kter\u00e9 m\u00e1me ze zahrady do kuchyn\u011b, tak ho u\u017e m\u00e1me asi deset let. A taky podle toho vypad\u00e1. Schodi\u0161t\u011b je to takov\u00e9 d\u0159ev\u011bn\u00e9, kter\u00e9 u\u017e by pot\u0159ebovalo velik\u00e1nskou p\u00e9\u010di anebo zrovna cel\u00e9 vym\u011bnit. Tak\u017ee jsem p\u0159\u00edtele zeptala, jestli by mu nevadilo, kdybychom pr\u00e1v\u011b p\u0159ed\u011blali tohle z\u00e1bradl\u00ed a schodi\u0161t\u011b https:\/\/www.kmkdesign.cz\/schodiste-schody. P\u0159\u00edtel chv\u00edli p\u0159em\u00fd\u0161lel, ale potom mi dal za pravdu. Proto\u017ee kdy\u017e vid\u011bl, jak to na\u0161e d\u0159ev\u011bn\u00e9 z\u00e1bradl\u00ed vypad\u00e1, tak s\u00e1m \u0159ekl, \u017ee se mu to ani opravovat nechce anebo p\u0159ed\u011bl\u00e1vat design a je zbyte\u010dn\u00e9. \u017de pr\u00fd bude nejlep\u0161\u00ed, kdy\u017e se tak\u00e9 pod\u00edv\u00e1me na webovou str\u00e1nku kmkdesign.cz, jako jeho rodi\u010de, kde oni po\u0159\u00eddili tak\u00e9 p\u011bkn\u00e9 z\u00e1bradl\u00ed a tak\u00e9 skv\u011bl\u00e9 schodi\u0161t\u011b. J\u00e1 jsem z toho vybrala takov\u00e9 kr\u00e1sn\u00e9, op\u011bt d\u0159ev\u011bn\u00e9 schodi\u0161t\u011b, kter\u00e9 se mi l\u00edb\u00ed. D\u0159evo je kr\u00e1sn\u00fd p\u0159\u00edrodn\u00ed materi\u00e1l, tak\u017ee mu d\u00e1v\u00e1m v\u017edycky p\u0159ednost \u00fapln\u011b p\u0159ed v\u0161\u00edm. Byla jsem nad\u0161en\u00e1, kdy\u017e jsme zrovna chytli n\u011bjakou cenovou akci, tak\u017ee n\u00e1s opravdu kr\u00e1sn\u00e9 a nov\u00e9 schodi\u0161t\u011b vy\u0161lo na m\u00e1lo pen\u011bz, z \u010deho\u017e jsme byli s p\u0159\u00edtelem velice r\u00e1di. Pen\u011bz moc nem\u00e1me, ale tak\u00e9 realizujeme na\u0161e bydlen\u00ed, tak\u017ee tohle se n\u00e1m velice hodilo. Nov\u00e9 schodi\u0161t\u011b je opravdu p\u011bkn\u00e9, kdy\u017e se v\u00e1m hod\u00ed do exteri\u00e9ru i interi\u00e9ru.                                                                                                                                                                                                                                                                                                                                                                                                   "},{"@context":"https:\/\/schema.org\/","@type":"BreadcrumbList","itemListElement":[{"@type":"ListItem","position":1,"name":"Schody a design","item":"https:\/\/www.aest.cz\/schody-a-design\/#breadcrumbitem"}]}]