[{"@context":"https:\/\/schema.org\/","@type":"Article","@id":"https:\/\/www.aest.cz\/s-minijerabem-zvladnete-i-nemozne\/#Article","mainEntityOfPage":"https:\/\/www.aest.cz\/s-minijerabem-zvladnete-i-nemozne\/","headline":"S minije\u0159\u00e1bem zvl\u00e1dnete i nemo\u017en\u00e9","name":"S minije\u0159\u00e1bem zvl\u00e1dnete i nemo\u017en\u00e9","description":"Pokud hled\u00e1te n\u011bjak\u00e9ho pomocn\u00edka, kter\u00fd by v\u00e1m dok\u00e1zal pomoci p\u0159i zdvih\u00e1n\u00ed nejr\u016fzn\u011bj\u0161\u00edch b\u0159emen, pak ur\u010dit\u011b nechcete n\u011bco, co bude velmi velk\u00e9 a nebude se s t\u00edm pohodln\u011b pracovat. Proto\u017ee v\u0161ak existuje takzvan\u00fd minije\u0159\u00e1b, kter\u00fd se m\u016f\u017ee postarat o zdvih\u00e1n\u00ed b\u0159emen do ur\u010dit\u00e9 v\u00fd\u0161ky a v ur\u010dit\u00e9m pr\u016fm\u011bru, pak v\u011b\u0159te, \u017ee pr\u00e1ce ji\u017e nebude tak slo\u017eit\u00e1,...<p class=\"more-link-wrap\"><a href=\"https:\/\/www.aest.cz\/s-minijerabem-zvladnete-i-nemozne\/\" class=\"more-link\">P\u0159e\u010d\u00edst<span class=\"screen-reader-text\"> &ldquo;S minije\u0159\u00e1bem zvl\u00e1dnete i nemo\u017en\u00e9&rdquo;<\/span> &raquo;<\/a><\/p>","datePublished":"2023-11-30","dateModified":"2023-11-30","author":{"@type":"Person","@id":"https:\/\/www.aest.cz\/author\/#Person","name":"","url":"https:\/\/www.aest.cz\/author\/","identifier":1,"image":{"@type":"ImageObject","@id":"https:\/\/secure.gravatar.com\/avatar\/da76ffe9456a057fb26f92cd8eb3d2effca853864e9ae2a35290bd1e10b1f7d4?s=96&d=mm&r=g","url":"https:\/\/secure.gravatar.com\/avatar\/da76ffe9456a057fb26f92cd8eb3d2effca853864e9ae2a35290bd1e10b1f7d4?s=96&d=mm&r=g","height":96,"width":96}},"publisher":{"@type":"Organization","name":"aest.cz","logo":{"@type":"ImageObject","@id":"\/logo.png","url":"\/logo.png","width":600,"height":60}},"url":"https:\/\/www.aest.cz\/s-minijerabem-zvladnete-i-nemozne\/","wordCount":254,"articleBody":"Pokud hled\u00e1te n\u011bjak\u00e9ho pomocn\u00edka, kter\u00fd by v\u00e1m dok\u00e1zal pomoci p\u0159i zdvih\u00e1n\u00ed nejr\u016fzn\u011bj\u0161\u00edch b\u0159emen, pak ur\u010dit\u011b nechcete n\u011bco, co bude velmi velk\u00e9 a nebude se s t\u00edm pohodln\u011b pracovat. Proto\u017ee v\u0161ak existuje takzvan\u00fd minije\u0159\u00e1b, kter\u00fd se m\u016f\u017ee postarat o zdvih\u00e1n\u00ed b\u0159emen do ur\u010dit\u00e9 v\u00fd\u0161ky a v ur\u010dit\u00e9m pr\u016fm\u011bru, pak v\u011b\u0159te, \u017ee pr\u00e1ce ji\u017e nebude tak slo\u017eit\u00e1, jak by se v\u00e1m mohlo zd\u00e1t. Tento skv\u011bl\u00fd stroj najde uplatn\u011bn\u00ed ve v\u0161ech r\u016fzn\u00fdch p\u0159\u00edle\u017eitostech, a to nejenom p\u0159i stavebnictv\u00ed, ale tak\u00e9 p\u0159i stroj\u00edrenstv\u00ed. M\u016f\u017eete s n\u00edm zvednout r\u016fzn\u011b t\u011b\u017ek\u00e1 b\u0159emena, kdy samotn\u00e1 hmotnost b\u0159emen se odv\u00edj\u00ed od typu tohoto stroje.Ide\u00e1ln\u00ed, kompaktn\u00ed, zkr\u00e1tka dokonal\u00fdAbyste mohli pracovat s t\u00edm nejvy\u0161\u0161\u00edm nasazen\u00edm, m\u011bli byste m\u00edt k \u010dinnostem kvalitn\u00edmi n\u00e1stroje a stroje. V p\u0159\u00edpad\u011b zdvih\u00e1n\u00ed b\u0159emen v\u00e1m m\u016f\u017ee skv\u011ble poslou\u017eit pr\u00e1v\u011b ide\u00e1ln\u00ed stroj, kter\u00fd dok\u00e1\u017ee zaujmout m\u00edsto i na r\u016fzn\u00fdch zahrad\u00e1ch, a to i na t\u011bch men\u0161\u00edch. Rozhodn\u011b se tedy nebojte vyzkou\u0161et n\u011bco zcela jin\u00e9ho, ne\u017e jsou jen klasick\u00e9 stroje, kter\u00e9 pro tyto \u00fa\u010dely slou\u017e\u00ed. Uvid\u00edte, \u017ee s n\u00edm budete velmi spokojeni, a to hlavn\u011b d\u00edky jeho v\u00fdhod\u00e1m.                                                                                                                                                                                                                                                                                                                                                                                                "},{"@context":"https:\/\/schema.org\/","@type":"BreadcrumbList","itemListElement":[{"@type":"ListItem","position":1,"name":"S minije\u0159\u00e1bem zvl\u00e1dnete i nemo\u017en\u00e9","item":"https:\/\/www.aest.cz\/s-minijerabem-zvladnete-i-nemozne\/#breadcrumbitem"}]}]