[{"@context":"https:\/\/schema.org\/","@type":"Article","@id":"https:\/\/www.aest.cz\/pojdeme-si-hrat\/#Article","mainEntityOfPage":"https:\/\/www.aest.cz\/pojdeme-si-hrat\/","headline":"P\u00f4jdeme si hra\u0165","name":"P\u00f4jdeme si hra\u0165","description":"Zajtra sa s de\u0165mi chyst\u00e1me prv\u00fdkr\u00e1t do jedn\u00e9ho centra. Je to tak\u00e1 mal\u00e1 her\u0148a pre vek 0-4 roky. Navy\u0161e sme sa dohovorili s mojou kamar\u00e1tkou, ktor\u00e1 m\u00e1 mal\u00e9 diev\u010datko, \u017ee sa tam stretneme. Budeme tu hne\u010f r\u00e1no, preto\u017ee na\u0161e chrob\u00e1\u010diky chodia dopoludnia po desiatej sp\u00e1va\u0165 a mal\u00e1 zase a\u017e po obede. Inak by n\u00e1m to...<p class=\"more-link-wrap\"><a href=\"https:\/\/www.aest.cz\/pojdeme-si-hrat\/\" class=\"more-link\">P\u0159e\u010d\u00edst<span class=\"screen-reader-text\"> &ldquo;P\u00f4jdeme si hra\u0165&rdquo;<\/span> &raquo;<\/a><\/p>","datePublished":"2025-03-11","dateModified":"2025-03-11","author":{"@type":"Person","@id":"https:\/\/www.aest.cz\/author\/#Person","name":"","url":"https:\/\/www.aest.cz\/author\/","identifier":1,"image":{"@type":"ImageObject","@id":"https:\/\/secure.gravatar.com\/avatar\/da76ffe9456a057fb26f92cd8eb3d2effca853864e9ae2a35290bd1e10b1f7d4?s=96&d=mm&r=g","url":"https:\/\/secure.gravatar.com\/avatar\/da76ffe9456a057fb26f92cd8eb3d2effca853864e9ae2a35290bd1e10b1f7d4?s=96&d=mm&r=g","height":96,"width":96}},"publisher":{"@type":"Organization","name":"aest.cz","logo":{"@type":"ImageObject","@id":"\/logo.png","url":"\/logo.png","width":600,"height":60}},"url":"https:\/\/www.aest.cz\/pojdeme-si-hrat\/","wordCount":268,"articleBody":" Zajtra sa s de\u0165mi chyst\u00e1me prv\u00fdkr\u00e1t do jedn\u00e9ho centra. Je to tak\u00e1 mal\u00e1 her\u0148a pre vek 0-4 roky. Navy\u0161e sme sa dohovorili s mojou kamar\u00e1tkou, ktor\u00e1 m\u00e1 mal\u00e9 diev\u010datko, \u017ee sa tam stretneme. Budeme tu hne\u010f r\u00e1no, preto\u017ee na\u0161e chrob\u00e1\u010diky chodia dopoludnia po desiatej sp\u00e1va\u0165 a mal\u00e1 zase a\u017e po obede. Inak by n\u00e1m to asi nevy\u0161lo. Chlapci u\u017e chodia, povedala by som doslova behaj\u00fa, tak\u017ee je s nimi v\u00e4\u010d\u0161ia z\u00e1bava. E\u0161te n\u00e1m mus\u00edm pripravi\u0165 p\u00e1r vec\u00ed a nachysta\u0165 auto. Novinka na trhu Man\u017eel ned\u00e1vno kupoval nov\u00e9 autoseda\u010dky, ktor\u00e9 maj\u00fa upev\u0148ovac\u00ed syst\u00e9m isofix. Seda\u010dka je tak pevne spojen\u00e1 s karos\u00e9riou vozidla a jej zl\u00e9 uchytenie tak nie je mo\u017en\u00e9. A hlavne v\u00fdsledky crash testov ukazuj\u00fa v\u00fdborn\u00e9 v\u00fdsledky pri bo\u010dn\u00fdch a \u010deln\u00fdch n\u00e1razoch. Va\u0161e vozidlo mus\u00ed ma\u0165 samozrejme zariadenie, kovov\u00e9 o\u010dk\u00e1 v sedadl\u00e1ch, pre uchytenie klie\u0161\u0165ami isofix. Ak tak\u00e9to vozidlo nevlastn\u00edte, mus\u00edte sa spolieha\u0165 na spr\u00e1vnu in\u0161tal\u00e1ciu a \u00faspe\u0161n\u00e9 zabezpe\u010dnie pomocou bezpe\u010dnostn\u00fdch p\u00e1sov. My sme pr\u00e1ve ten druh\u00fd pr\u00edpad. Na\u0161\u0165astie nejazd\u00edme moc \u010dasto, tak\u017ee nem\u00e1m tak\u00fd strach. Riadim toti\u017e len chv\u00ed\u013eu a nie som teda tak moc zbehl\u00e1 na na\u0161ich cest\u00e1ch. Na n\u00e1kupy rad\u0161ej jazd\u00edm sama. M\u00f4j mu\u017e si zatia\u013e pohr\u00e1 s de\u0165mi a ja si v\u0161etko v pokoji vybav\u00edm.                                                                                                                                                                                                                                                                                                                                                                                                "},{"@context":"https:\/\/schema.org\/","@type":"BreadcrumbList","itemListElement":[{"@type":"ListItem","position":1,"name":"P\u00f4jdeme si hra\u0165","item":"https:\/\/www.aest.cz\/pojdeme-si-hrat\/#breadcrumbitem"}]}]