{"@context":"https:\/\/schema.org\/","@type":"CollectionPage","@id":"https:\/\/www.aest.cz\/podnikani\/#CollectionPage","headline":"Podnik\u00e1n\u00ed Category","description":"","url":"https:\/\/www.aest.cz\/podnikani\/","hasPart":[{"@type":"Article","@id":"https:\/\/www.aest.cz\/skvele-sidlo\/","headline":"Skv\u011bl\u00e9 s\u00eddlo","url":"https:\/\/www.aest.cz\/skvele-sidlo\/","datePublished":"2023-03-28","dateModified":"2023-04-28","mainEntityOfPage":"https:\/\/www.aest.cz\/skvele-sidlo\/","author":{"@type":"Person","@id":"https:\/\/www.aest.cz\/author\/#Person","name":"","url":"https:\/\/www.aest.cz\/author\/","identifier":1,"image":{"@type":"ImageObject","@id":"https:\/\/secure.gravatar.com\/avatar\/da76ffe9456a057fb26f92cd8eb3d2effca853864e9ae2a35290bd1e10b1f7d4?s=96&d=mm&r=g","url":"https:\/\/secure.gravatar.com\/avatar\/da76ffe9456a057fb26f92cd8eb3d2effca853864e9ae2a35290bd1e10b1f7d4?s=96&d=mm&r=g","height":96,"width":96}},"publisher":{"@type":"Organization","name":"aest.cz","logo":{"@type":"ImageObject","@id":"\/logo.png","url":"\/logo.png","width":600,"height":60}},"image":{"@type":"ImageObject","@id":"https:\/\/www.aest.cz\/wp-content\/uploads\/entrepreneur-1340649_960_720_7.jpg","url":"https:\/\/www.aest.cz\/wp-content\/uploads\/entrepreneur-1340649_960_720_7.jpg","height":0,"width":0},"keywords":null},{"@type":"Article","@id":"https:\/\/www.aest.cz\/kovane-zabradli-vas-nezklame\/","headline":"Kovan\u00e9 z\u00e1bradl\u00ed v\u00e1s nezklame","url":"https:\/\/www.aest.cz\/kovane-zabradli-vas-nezklame\/","datePublished":"2023-03-25","dateModified":"2023-05-18","mainEntityOfPage":"https:\/\/www.aest.cz\/kovane-zabradli-vas-nezklame\/","author":{"@type":"Person","@id":"https:\/\/www.aest.cz\/author\/#Person","name":"","url":"https:\/\/www.aest.cz\/author\/","identifier":1,"image":{"@type":"ImageObject","@id":"https:\/\/secure.gravatar.com\/avatar\/da76ffe9456a057fb26f92cd8eb3d2effca853864e9ae2a35290bd1e10b1f7d4?s=96&d=mm&r=g","url":"https:\/\/secure.gravatar.com\/avatar\/da76ffe9456a057fb26f92cd8eb3d2effca853864e9ae2a35290bd1e10b1f7d4?s=96&d=mm&r=g","height":96,"width":96}},"publisher":{"@type":"Organization","name":"aest.cz","logo":{"@type":"ImageObject","@id":"\/logo.png","url":"\/logo.png","width":600,"height":60}},"image":{"@type":"ImageObject","@id":"https:\/\/www.aest.cz\/wp-content\/uploads\/railing-g5f0184065_640.jpg","url":"https:\/\/www.aest.cz\/wp-content\/uploads\/railing-g5f0184065_640.jpg","height":0,"width":0},"keywords":null},{"@type":"Article","@id":"https:\/\/www.aest.cz\/za-jakych-okolnosti-si-nechat-smontovat-nabytek-od-profesionalu\/","headline":"Za jak\u00fdch okolnost\u00ed si nechat smontovat n\u00e1bytek od profesion\u00e1l\u016f","url":"https:\/\/www.aest.cz\/za-jakych-okolnosti-si-nechat-smontovat-nabytek-od-profesionalu\/","datePublished":"2023-03-19","dateModified":"2023-10-16","mainEntityOfPage":"https:\/\/www.aest.cz\/za-jakych-okolnosti-si-nechat-smontovat-nabytek-od-profesionalu\/","author":{"@type":"Person","@id":"https:\/\/www.aest.cz\/author\/#Person","name":"","url":"https:\/\/www.aest.cz\/author\/","identifier":1,"image":{"@type":"ImageObject","@id":"https:\/\/secure.gravatar.com\/avatar\/da76ffe9456a057fb26f92cd8eb3d2effca853864e9ae2a35290bd1e10b1f7d4?s=96&d=mm&r=g","url":"https:\/\/secure.gravatar.com\/avatar\/da76ffe9456a057fb26f92cd8eb3d2effca853864e9ae2a35290bd1e10b1f7d4?s=96&d=mm&r=g","height":96,"width":96}},"publisher":{"@type":"Organization","name":"aest.cz","logo":{"@type":"ImageObject","@id":"\/logo.png","url":"\/logo.png","width":600,"height":60}},"image":{"@type":"ImageObject","@id":"https:\/\/www.aest.cz\/wp-content\/uploads\/interior-decoration-g1fe6d2c57_640.jpg","url":"https:\/\/www.aest.cz\/wp-content\/uploads\/interior-decoration-g1fe6d2c57_640.jpg","height":0,"width":0},"keywords":null},{"@type":"Article","@id":"https:\/\/www.aest.cz\/k-cemu-se-hodi-pronajem-skladovych-kontejneru\/","headline":"K \u010demu se hod\u00ed pron\u00e1jem skladov\u00fdch kontejner\u016f","url":"https:\/\/www.aest.cz\/k-cemu-se-hodi-pronajem-skladovych-kontejneru\/","datePublished":"2023-02-27","dateModified":"2023-04-25","mainEntityOfPage":"https:\/\/www.aest.cz\/k-cemu-se-hodi-pronajem-skladovych-kontejneru\/","author":{"@type":"Person","@id":"https:\/\/www.aest.cz\/author\/#Person","name":"","url":"https:\/\/www.aest.cz\/author\/","identifier":1,"image":{"@type":"ImageObject","@id":"https:\/\/secure.gravatar.com\/avatar\/da76ffe9456a057fb26f92cd8eb3d2effca853864e9ae2a35290bd1e10b1f7d4?s=96&d=mm&r=g","url":"https:\/\/secure.gravatar.com\/avatar\/da76ffe9456a057fb26f92cd8eb3d2effca853864e9ae2a35290bd1e10b1f7d4?s=96&d=mm&r=g","height":96,"width":96}},"publisher":{"@type":"Organization","name":"aest.cz","logo":{"@type":"ImageObject","@id":"\/logo.png","url":"\/logo.png","width":600,"height":60}},"image":{"@type":"ImageObject","@id":"https:\/\/www.aest.cz\/wp-content\/uploads\/port-g430eb62f4_640.jpg","url":"https:\/\/www.aest.cz\/wp-content\/uploads\/port-g430eb62f4_640.jpg","height":0,"width":0},"keywords":null},{"@type":"Article","@id":"https:\/\/www.aest.cz\/co-rozumime-pod-pojmem-ezs\/","headline":"Co rozum\u00edme pod pojmem EZS","url":"https:\/\/www.aest.cz\/co-rozumime-pod-pojmem-ezs\/","datePublished":"2023-01-31","dateModified":"2023-01-31","mainEntityOfPage":"https:\/\/www.aest.cz\/co-rozumime-pod-pojmem-ezs\/","author":{"@type":"Person","@id":"https:\/\/www.aest.cz\/author\/#Person","name":"","url":"https:\/\/www.aest.cz\/author\/","identifier":1,"image":{"@type":"ImageObject","@id":"https:\/\/secure.gravatar.com\/avatar\/da76ffe9456a057fb26f92cd8eb3d2effca853864e9ae2a35290bd1e10b1f7d4?s=96&d=mm&r=g","url":"https:\/\/secure.gravatar.com\/avatar\/da76ffe9456a057fb26f92cd8eb3d2effca853864e9ae2a35290bd1e10b1f7d4?s=96&d=mm&r=g","height":96,"width":96}},"publisher":{"@type":"Organization","name":"aest.cz","logo":{"@type":"ImageObject","@id":"\/logo.png","url":"\/logo.png","width":600,"height":60}},"image":{"@type":"ImageObject","@id":"https:\/\/www.aest.cz\/wp-content\/uploads\/smoke-vent-ga3b1e3884_640.jpg","url":"https:\/\/www.aest.cz\/wp-content\/uploads\/smoke-vent-ga3b1e3884_640.jpg","height":0,"width":0},"keywords":null},{"@type":"Article","@id":"https:\/\/www.aest.cz\/kdyz-nestaci-fakticke-sidlo\/","headline":"Kdy\u017e nesta\u010d\u00ed faktick\u00e9 s\u00eddlo","url":"https:\/\/www.aest.cz\/kdyz-nestaci-fakticke-sidlo\/","datePublished":"2022-09-17","dateModified":"2022-09-17","mainEntityOfPage":"https:\/\/www.aest.cz\/kdyz-nestaci-fakticke-sidlo\/","author":{"@type":"Person","@id":"https:\/\/www.aest.cz\/author\/#Person","name":"","url":"https:\/\/www.aest.cz\/author\/","identifier":1,"image":{"@type":"ImageObject","@id":"https:\/\/secure.gravatar.com\/avatar\/da76ffe9456a057fb26f92cd8eb3d2effca853864e9ae2a35290bd1e10b1f7d4?s=96&d=mm&r=g","url":"https:\/\/secure.gravatar.com\/avatar\/da76ffe9456a057fb26f92cd8eb3d2effca853864e9ae2a35290bd1e10b1f7d4?s=96&d=mm&r=g","height":96,"width":96}},"publisher":{"@type":"Organization","name":"aest.cz","logo":{"@type":"ImageObject","@id":"\/logo.png","url":"\/logo.png","width":600,"height":60}},"image":{"@type":"ImageObject","@id":"https:\/\/www.aest.cz\/wp-content\/uploads\/baknkovky%20libry.jpg","url":"https:\/\/www.aest.cz\/wp-content\/uploads\/baknkovky%20libry.jpg","height":0,"width":0},"keywords":null},{"@type":"Article","@id":"https:\/\/www.aest.cz\/tipy-na-filmy-o-slavnych-hudebnich-osobnostech\/","headline":"Tipy na filmy o slavn\u00fdch hudebn\u00edch osobnostech","url":"https:\/\/www.aest.cz\/tipy-na-filmy-o-slavnych-hudebnich-osobnostech\/","datePublished":"2022-09-11","dateModified":"2022-09-11","mainEntityOfPage":"https:\/\/www.aest.cz\/tipy-na-filmy-o-slavnych-hudebnich-osobnostech\/","author":{"@type":"Person","@id":"https:\/\/www.aest.cz\/author\/#Person","name":"","url":"https:\/\/www.aest.cz\/author\/","identifier":1,"image":{"@type":"ImageObject","@id":"https:\/\/secure.gravatar.com\/avatar\/da76ffe9456a057fb26f92cd8eb3d2effca853864e9ae2a35290bd1e10b1f7d4?s=96&d=mm&r=g","url":"https:\/\/secure.gravatar.com\/avatar\/da76ffe9456a057fb26f92cd8eb3d2effca853864e9ae2a35290bd1e10b1f7d4?s=96&d=mm&r=g","height":96,"width":96}},"publisher":{"@type":"Organization","name":"aest.cz","logo":{"@type":"ImageObject","@id":"\/logo.png","url":"\/logo.png","width":600,"height":60}},"image":{"@type":"ImageObject","@id":"https:\/\/www.aest.cz\/wp-content\/uploads\/pexels-wendy-wei-1190297.jpg","url":"https:\/\/www.aest.cz\/wp-content\/uploads\/pexels-wendy-wei-1190297.jpg","height":0,"width":0},"keywords":null},{"@type":"Article","@id":"https:\/\/www.aest.cz\/lyzovani-v-srdci-orlickych-hor\/","headline":"Ly\u017eov\u00e1n\u00ed v srdci Orlick\u00fdch hor","url":"https:\/\/www.aest.cz\/lyzovani-v-srdci-orlickych-hor\/","datePublished":"2022-07-08","dateModified":"2022-07-08","mainEntityOfPage":"https:\/\/www.aest.cz\/lyzovani-v-srdci-orlickych-hor\/","author":{"@type":"Person","@id":"https:\/\/www.aest.cz\/author\/#Person","name":"","url":"https:\/\/www.aest.cz\/author\/","identifier":1,"image":{"@type":"ImageObject","@id":"https:\/\/secure.gravatar.com\/avatar\/da76ffe9456a057fb26f92cd8eb3d2effca853864e9ae2a35290bd1e10b1f7d4?s=96&d=mm&r=g","url":"https:\/\/secure.gravatar.com\/avatar\/da76ffe9456a057fb26f92cd8eb3d2effca853864e9ae2a35290bd1e10b1f7d4?s=96&d=mm&r=g","height":96,"width":96}},"publisher":{"@type":"Organization","name":"aest.cz","logo":{"@type":"ImageObject","@id":"\/logo.png","url":"\/logo.png","width":600,"height":60}},"image":{"@type":"ImageObject","@id":"https:\/\/www.aest.cz\/wp-content\/uploads\/big-air-g10d9dbd98_640.jpg","url":"https:\/\/www.aest.cz\/wp-content\/uploads\/big-air-g10d9dbd98_640.jpg","height":0,"width":0},"keywords":null},{"@type":"Article","@id":"https:\/\/www.aest.cz\/je-treba-porazit-konkurenci\/","headline":"Je t\u0159eba porazit konkurenci","url":"https:\/\/www.aest.cz\/je-treba-porazit-konkurenci\/","datePublished":"2022-02-16","dateModified":"2022-02-16","mainEntityOfPage":"https:\/\/www.aest.cz\/je-treba-porazit-konkurenci\/","author":{"@type":"Person","@id":"https:\/\/www.aest.cz\/author\/#Person","name":"","url":"https:\/\/www.aest.cz\/author\/","identifier":1,"image":{"@type":"ImageObject","@id":"https:\/\/secure.gravatar.com\/avatar\/da76ffe9456a057fb26f92cd8eb3d2effca853864e9ae2a35290bd1e10b1f7d4?s=96&d=mm&r=g","url":"https:\/\/secure.gravatar.com\/avatar\/da76ffe9456a057fb26f92cd8eb3d2effca853864e9ae2a35290bd1e10b1f7d4?s=96&d=mm&r=g","height":96,"width":96}},"publisher":{"@type":"Organization","name":"aest.cz","logo":{"@type":"ImageObject","@id":"\/logo.png","url":"\/logo.png","width":600,"height":60}},"image":{"@type":"ImageObject","@id":"https:\/\/www.aest.cz\/wp-content\/uploads\/SEO_anglicky_pxBPsG.jpg","url":"https:\/\/www.aest.cz\/wp-content\/uploads\/SEO_anglicky_pxBPsG.jpg","height":0,"width":0},"keywords":null},{"@type":"Article","@id":"https:\/\/www.aest.cz\/lze-si-i-pujcit\/","headline":"Lze si i p\u016fj\u010dit","url":"https:\/\/www.aest.cz\/lze-si-i-pujcit\/","datePublished":"2020-09-20","dateModified":"2020-09-20","mainEntityOfPage":"https:\/\/www.aest.cz\/lze-si-i-pujcit\/","author":{"@type":"Person","@id":"https:\/\/www.aest.cz\/author\/#Person","name":"","url":"https:\/\/www.aest.cz\/author\/","identifier":1,"image":{"@type":"ImageObject","@id":"https:\/\/secure.gravatar.com\/avatar\/da76ffe9456a057fb26f92cd8eb3d2effca853864e9ae2a35290bd1e10b1f7d4?s=96&d=mm&r=g","url":"https:\/\/secure.gravatar.com\/avatar\/da76ffe9456a057fb26f92cd8eb3d2effca853864e9ae2a35290bd1e10b1f7d4?s=96&d=mm&r=g","height":96,"width":96}},"publisher":{"@type":"Organization","name":"aest.cz","logo":{"@type":"ImageObject","@id":"\/logo.png","url":"\/logo.png","width":600,"height":60}},"image":{"@type":"ImageObject","@id":"https:\/\/www.aest.cz\/wp-content\/uploads\/le%C5%BE%C3%ADc%C3%AD%20mince_5.jpg","url":"https:\/\/www.aest.cz\/wp-content\/uploads\/le%C5%BE%C3%ADc%C3%AD%20mince_5.jpg","height":0,"width":0},"keywords":null}]}