[{"@context":"https:\/\/schema.org\/","@type":"Article","@id":"https:\/\/www.aest.cz\/neni-treba-byt-krasni\/#Article","mainEntityOfPage":"https:\/\/www.aest.cz\/neni-treba-byt-krasni\/","headline":"Nen\u00ed t\u0159eba \u201ab\u00fdt kr\u00e1sn\u00ed\u2018","name":"Nen\u00ed t\u0159eba \u201ab\u00fdt kr\u00e1sn\u00ed\u2018","description":"Kolikr\u00e1t si jenom \u010dlov\u011bk z\u00e1vistiv\u011b povzdechne, \u017ee by cht\u011bl b\u00fdt kr\u00e1sn\u00fd! Nebo \u017ee by cht\u011bl b\u00fdt kr\u00e1sn\u011bj\u0161\u00ed, p\u0159\u00edpadn\u011b kr\u00e1sn\u011bj\u0161\u00ed ne\u017e n\u011bkdo konkr\u00e9tn\u00ed, p\u0159\u00edpadn\u011b ne\u017e kdokoliv jin\u00fd!A kolikr\u00e1t jenom nez\u016fst\u00e1v\u00e1 pouze u slov!\u010clov\u011bk si \u0159ekne, \u017ee chce b\u00fdt kr\u00e1sn\u011bj\u0161\u00ed, a vz\u00e1p\u011bt\u00ed za\u010dne konat tak, jak se domn\u00edv\u00e1, \u017ee je konat t\u0159eba, aby dos\u00e1hl nebo se alespo\u0148...<p class=\"more-link-wrap\"><a href=\"https:\/\/www.aest.cz\/neni-treba-byt-krasni\/\" class=\"more-link\">P\u0159e\u010d\u00edst<span class=\"screen-reader-text\"> &ldquo;Nen\u00ed t\u0159eba \u201ab\u00fdt kr\u00e1sn\u00ed\u2018&rdquo;<\/span> &raquo;<\/a><\/p>","datePublished":"2018-12-27","dateModified":"2018-12-27","author":{"@type":"Person","@id":"https:\/\/www.aest.cz\/author\/#Person","name":"","url":"https:\/\/www.aest.cz\/author\/","identifier":1,"image":{"@type":"ImageObject","@id":"https:\/\/secure.gravatar.com\/avatar\/da76ffe9456a057fb26f92cd8eb3d2effca853864e9ae2a35290bd1e10b1f7d4?s=96&d=mm&r=g","url":"https:\/\/secure.gravatar.com\/avatar\/da76ffe9456a057fb26f92cd8eb3d2effca853864e9ae2a35290bd1e10b1f7d4?s=96&d=mm&r=g","height":96,"width":96}},"publisher":{"@type":"Organization","name":"aest.cz","logo":{"@type":"ImageObject","@id":"\/logo.png","url":"\/logo.png","width":600,"height":60}},"image":{"@type":"ImageObject","@id":"https:\/\/www.aest.cz\/wp-content\/uploads\/img_a338660_w2419_t1551267392.jpg","url":"https:\/\/www.aest.cz\/wp-content\/uploads\/img_a338660_w2419_t1551267392.jpg","height":0,"width":0},"url":"https:\/\/www.aest.cz\/neni-treba-byt-krasni\/","wordCount":587,"articleBody":"Kolikr\u00e1t si jenom \u010dlov\u011bk z\u00e1vistiv\u011b povzdechne, \u017ee by cht\u011bl b\u00fdt kr\u00e1sn\u00fd! Nebo \u017ee by cht\u011bl b\u00fdt kr\u00e1sn\u011bj\u0161\u00ed, p\u0159\u00edpadn\u011b kr\u00e1sn\u011bj\u0161\u00ed ne\u017e n\u011bkdo konkr\u00e9tn\u00ed, p\u0159\u00edpadn\u011b ne\u017e kdokoliv jin\u00fd!A kolikr\u00e1t jenom nez\u016fst\u00e1v\u00e1 pouze u slov!\u010clov\u011bk si \u0159ekne, \u017ee chce b\u00fdt kr\u00e1sn\u011bj\u0161\u00ed, a vz\u00e1p\u011bt\u00ed za\u010dne konat tak, jak se domn\u00edv\u00e1, \u017ee je konat t\u0159eba, aby dos\u00e1hl nebo se alespo\u0148 o n\u011bco p\u0159ibl\u00ed\u017eil sv\u00e9 p\u0159edstav\u011b o dokonalosti, sv\u00e9mu ide\u00e1lu.Takov\u00e9to snahy se mohou omezit pouze na pou\u017e\u00edv\u00e1n\u00ed v\u0161emo\u017en\u00e9 kosmetiky. Proto\u017ee i jenom t\u00e9 je k m\u00e1n\u00ed tolik, \u017ee ji jeden na sob\u011b nezvl\u00e1dne v\u0161echnu vyzkou\u0161et, ani kdyby tu byl dlouho jako Metuzal\u00e9m a m\u011bl bezedn\u00fd m\u011b\u0161ec.Doty\u010dn\u00fd nebo sp\u00ed\u0161e doty\u010dn\u00e1 tak na sebe ma\u017ee kdejak\u00e9 vodi\u010dky, kr\u00e9my a masti, pudruje se t\u0159eba i tolik, \u017ee vypad\u00e1 jako po setk\u00e1n\u00ed s pr\u00e1\u0161kovac\u00edm letadlem, st\u0159\u00edk\u00e1 na sebe tolik r\u016fzn\u00fdch sprej\u016f, \u017ee pobl\u00ed\u017e nevydr\u017e\u00ed nejednou nejen astmatik.Ov\u0161em ani \u201achemickou v\u00e1lkou\u2018 to nekon\u010d\u00edv\u00e1. M\u00e1me p\u0159ece i m\u00f3du, je\u017e dok\u00e1\u017ee ud\u011blat z n\u011bkoho krasavce a z n\u011bkoho pro zm\u011bnu \u00fapln\u00e9ho \u0161a\u0161ka, m\u00e1me i r\u016fzn\u00e9 \u0161perky, na nich\u017e z\u00e1\u0159\u00ed drah\u00e9 kameny a slzy man\u017eel\u016f, plat\u00edc\u00edch \u00fa\u010dty.A pokud se vr\u00e1t\u00edme p\u0159\u00edmo k t\u011blu, dop\u0159\u00e1v\u00e1 si leckdo s vidinou zkr\u00e1sn\u011bn\u00ed holi\u010de, kade\u0159n\u00edka, manik\u016fru, depilaci nebo naopak nast\u0159elov\u00e1n\u00ed ochlupen\u00ed do \u017e\u00e1douc\u00edch m\u00edst. A n\u011bkdo to nakonec dot\u00e1hne t\u0159eba a\u017e na n\u011bjakou tu plastiku, p\u0159i n\u00ed\u017e se n\u011bco vyhlad\u00ed a n\u011bco vyboul\u00ed, n\u011bco odsaje a n\u011bco \u201ap\u0159ifoukne\u2018, p\u0159\u00edpadn\u011b ud\u011bl\u00e1 z gruntu znovu.Tolik muk dok\u00e1\u017ee kdekdo podstoupit, jen aby byl \u201akr\u00e1sn\u00fd\u2018, tolik pen\u011bz je za to leckdo ochoten utratit. A v\u00fdsledek?Jist\u011b, v\u00fdsledek m\u016f\u017ee b\u00fdt i v\u00edce ne\u017e pot\u011b\u0161uj\u00edc\u00ed. Ov\u0161em v\u017edy je t\u0159eba dodat \u201ajak se to vezme\u2018.Proto\u017ee co se l\u00edb\u00ed jednomu, nemus\u00ed se l\u00edbit a nejednou se ani nel\u00edb\u00ed jin\u00e9mu.K extr\u00e9mn\u00edm p\u0159\u00edpad\u016fm toho, co se (ne)povedlo, pat\u0159\u00ed t\u0159eba i neskute\u010dn\u011b p\u0159ehnan\u011b bujn\u00e9 vnady n\u011bkter\u00fdch \u201ahv\u011bzd\u2018 pornobran\u017ee, p\u0159i pohledu na n\u011b\u017e v\u00e1\u017en\u011b z\u016fst\u00e1v\u00e1 st\u00e1t u\u017e jen rozum, ov\u0161em pozadu nez\u016fst\u00e1vaj\u00ed ani jin\u00ed lid\u00e9 s jin\u00fdmi zr\u016fdn\u00fdmi \u201azdokonalen\u00edmi\u2018. Kte\u0159\u00ed jsou tu k pl\u00e1\u010di a tu k sm\u00edchu. A to jenom proto, \u017ee c\u00edtili pot\u0159ebu \u201ab\u00fdt kr\u00e1sn\u00ed\u2018.\u010ceho\u017e sice mo\u017en\u00e1 v n\u011bkter\u00fdch o\u010d\u00edch dos\u00e1hli, ale v n\u011bkter\u00fdch ne. Proto\u017ee kr\u00e1su nelze definovat, kr\u00e1sa nen\u00ed nic univerz\u00e1ln\u00edho. A sp\u00ed\u0161e ne\u017e kosmetick\u00e9 a plastick\u00e9 \u0161\u00edlenstv\u00ed by m\u011blo platit .Proto\u017ee ruku na srdce. A\u010d by tomu m\u011blo b\u00fdt z \u201aestetick\u00fdch\u2018 d\u016fvod\u016f obr\u00e1cen\u011b, mn\u011b se t\u0159eba jihoafroamerick\u00e1 modelka Charleze Theron v\u00edc ne\u017e na molech l\u00edb\u00ed ve filmu Monster a na \u201akr\u00e1sn\u00e9\u2018 Mon\u011b Lise v\u016fbec nic kr\u00e1sn\u00e9ho nevid\u00edm. Bez ur\u00e1\u017eky.                                                                                                                                                                                                                                                                                                                                                                                                "},{"@context":"https:\/\/schema.org\/","@type":"BreadcrumbList","itemListElement":[{"@type":"ListItem","position":1,"name":"Nen\u00ed t\u0159eba \u201ab\u00fdt kr\u00e1sn\u00ed\u2018","item":"https:\/\/www.aest.cz\/neni-treba-byt-krasni\/#breadcrumbitem"}]}]