[{"@context":"https:\/\/schema.org\/","@type":"Article","@id":"https:\/\/www.aest.cz\/nase-domacnost\/#Article","mainEntityOfPage":"https:\/\/www.aest.cz\/nase-domacnost\/","headline":"Na\u0161e dom\u00e1cnost","name":"Na\u0161e dom\u00e1cnost","description":"Tak&Atilde;&copy; se sna&Aring;&frac34;&Atilde;&shy;te udr&Aring;&frac34;ovat va&Aring;&iexcl;i dom&Atilde;&iexcl;cnost opravdu s perfektn&Atilde;&shy;m rozpolo&Aring;&frac34;en&Atilde;&shy;?&Acirc;&nbsp;Podle m&Atilde;&copy;ho n&Atilde;&iexcl;zoru neud&Auml;&#8250;l&Atilde;&iexcl;te chybu, kdy&Aring;&frac34; opravdu budete pe&Auml;ovat o svou dom&Atilde;&iexcl;cnost. J&Atilde;&iexcl; toti&Aring;&frac34; pat&Aring;&#8482;&Atilde;&shy;m k t&Auml;&#8250;m lidem, kte&Aring;&#8482;&Atilde;&shy; by v&Aring;&macr;bec nesnesli, kdyby t&Aring;&#8482;eba m&Auml;&#8250;li doma n&Auml;&#8250;jak&Atilde;&frac12; nepo&Aring;&#8482;&Atilde;&iexcl;dek. V&Auml;&#8250;&Aring;&#8482;te nebo ne, ale opravdu bych z toho m&Auml;&#8250;la snad n&Auml;&#8250;jakou schizofrenii. Nem&Atilde;&iexcl;m r&Atilde;&iexcl;da nepo&Aring;&#8482;&Atilde;&iexcl;dek a nebo kdy&Aring;&frac34;...<p class=\"more-link-wrap\"><a href=\"https:\/\/www.aest.cz\/nase-domacnost\/\" class=\"more-link\">P\u0159e\u010d\u00edst<span class=\"screen-reader-text\"> &ldquo;Na\u0161e dom\u00e1cnost&rdquo;<\/span> &raquo;<\/a><\/p>","datePublished":"2023-04-05","dateModified":"2024-01-05","author":{"@type":"Person","@id":"https:\/\/www.aest.cz\/author\/#Person","name":"","url":"https:\/\/www.aest.cz\/author\/","identifier":1,"image":{"@type":"ImageObject","@id":"https:\/\/secure.gravatar.com\/avatar\/da76ffe9456a057fb26f92cd8eb3d2effca853864e9ae2a35290bd1e10b1f7d4?s=96&d=mm&r=g","url":"https:\/\/secure.gravatar.com\/avatar\/da76ffe9456a057fb26f92cd8eb3d2effca853864e9ae2a35290bd1e10b1f7d4?s=96&d=mm&r=g","height":96,"width":96}},"publisher":{"@type":"Organization","name":"aest.cz","logo":{"@type":"ImageObject","@id":"\/logo.png","url":"\/logo.png","width":600,"height":60}},"image":{"@type":"ImageObject","@id":"https:\/\/www.aest.cz\/wp-content\/uploads\/gloves-4017614_1280.jpg","url":"https:\/\/www.aest.cz\/wp-content\/uploads\/gloves-4017614_1280.jpg","height":0,"width":0},"url":"https:\/\/www.aest.cz\/nase-domacnost\/","about":["Dom\u00e1cnost"],"wordCount":823,"articleBody":"Tak&Atilde;&copy; se sna&Aring;&frac34;&Atilde;&shy;te udr&Aring;&frac34;ovat va&Aring;&iexcl;i dom&Atilde;&iexcl;cnost opravdu s perfektn&Atilde;&shy;m rozpolo&Aring;&frac34;en&Atilde;&shy;?&Acirc;&nbsp;Podle m&Atilde;&copy;ho n&Atilde;&iexcl;zoru neud&Auml;&#8250;l&Atilde;&iexcl;te chybu, kdy&Aring;&frac34; opravdu budete pe&Auml;ovat o svou dom&Atilde;&iexcl;cnost. J&Atilde;&iexcl; toti&Aring;&frac34; pat&Aring;&#8482;&Atilde;&shy;m k t&Auml;&#8250;m lidem, kte&Aring;&#8482;&Atilde;&shy; by v&Aring;&macr;bec nesnesli, kdyby t&Aring;&#8482;eba m&Auml;&#8250;li doma n&Auml;&#8250;jak&Atilde;&frac12; nepo&Aring;&#8482;&Atilde;&iexcl;dek. V&Auml;&#8250;&Aring;&#8482;te nebo ne, ale opravdu bych z toho m&Auml;&#8250;la snad n&Auml;&#8250;jakou schizofrenii. Nem&Atilde;&iexcl;m r&Atilde;&iexcl;da nepo&Aring;&#8482;&Atilde;&iexcl;dek a nebo kdy&Aring;&frac34; jsou v&Auml;&#8250;ci, kter&Atilde;&copy; jsou neuspo&Aring;&#8482;&Atilde;&iexcl;dan&Atilde;&copy;&Acirc;&nbsp;nebo kdy&Aring;&frac34; jsou v&Auml;&#8250;ci n&Auml;&#8250;kde nah&Atilde;&iexcl;zen&Atilde;&copy;&Acirc;&nbsp;jenom tak na sob&Auml;&#8250;. &Aring;&#732;ekn&Auml;&#8250;te mi, &Aring;&frac34;e nevypadalo by to asi hezky. L&Atilde;&shy;bilo by se v&Atilde;&iexcl;m to? L&Atilde;&shy;bila by se v&Atilde;&iexcl;m takov&Atilde;&iexcl; kupa oble&Auml;en&Atilde;&shy;, kterou byste&Acirc;&nbsp;t&Aring;&#8482;eba n&Auml;&#8250;kam nah&Atilde;&iexcl;zeli? M&Auml;&#8250; rozhodn&Auml;&#8250; ne, nel&Atilde;&shy;b&Atilde;&shy; se mi takov&Atilde;&frac12; typ lid&Atilde;&shy;, kdy&Aring;&frac34; t&Aring;&#8482;eba nah&Atilde;&iexcl;z&Atilde;&shy; v&Aring;&iexcl;echno do jednoho&Acirc;&nbsp;koutu a mysl&Atilde;&shy; si, &Aring;&frac34;e to sta&Auml;&Atilde;&shy;, &Aring;&frac34;e je to &Atilde;&ordm;pln&Auml;&#8250; norm&Atilde;&iexcl;ln&Atilde;&shy;. Takhle v&Atilde;&copy;st dom&Atilde;&iexcl;cnost tedy rozhodn&Auml;&#8250; ne. J&Atilde;&iexcl; jsem sp&Atilde;&shy;&Aring;&iexcl;e takov&Atilde;&iexcl;, &Aring;&frac34;e jsem minimalistka.A&Acirc;&nbsp;l&Atilde;&shy;b&Atilde;&shy; se mi doma minimalismus. Samoz&Aring;&#8482;ejm&Auml;&#8250; &Aring;&frac34;e v d&Auml;&#8250;tsk&Atilde;&copy;m pokoj&Atilde;&shy;&Auml;ku minimalismus absolutn&Auml;&#8250; nevl&Atilde;&iexcl;dne. Tam to je &Atilde;&ordm;pln&Auml;&#8250; jin&Atilde;&copy;. D&Auml;&#8250;ti maj&Atilde;&shy; r&Atilde;&iexcl;dy&Acirc;&nbsp;barvy a maj&Atilde;&shy; r&Atilde;&iexcl;dy&Acirc;&nbsp;ply&Aring;&iexcl;ov&Atilde;&copy; hra&Auml;ky a tak&Atilde;&copy; r&Aring;&macr;zn&Atilde;&copy; dekorace, tak&Aring;&frac34;e cel&Atilde;&frac12; d&Auml;&#8250;tsk&Atilde;&frac12; pokoj&Atilde;&shy;&Auml;ek je sp&Atilde;&shy;&Aring;&iexcl;e takov&Atilde;&frac12; malinkat&Atilde;&frac12; cirkus, ale roztomil&Atilde;&frac12;. L&Atilde;&shy;b&Atilde;&shy; se mi to a v&Aring;&macr;bec bych to nem&Auml;&#8250;nila. Kdy&Aring;&frac34; se jim&Acirc;&nbsp;to l&Atilde;&shy;b&Atilde;&shy;, tak jim to nech&Atilde;&iexcl;m. Samoz&Aring;&#8482;ejm&Auml;&#8250;, ale zase j&Atilde;&iexcl; svou dom&Atilde;&iexcl;cnost vedu&Acirc;&nbsp;takov&Atilde;&frac12;m sm&Auml;&#8250;rem, aby to vyhovovalo &Atilde;&ordm;pln&Auml;&#8250; m&Auml;&#8250;, proto&Aring;&frac34;e j&Atilde;&iexcl; vlastn&Auml;&#8250; va&Aring;&#8482;&Atilde;&shy;m v kuchyni, kde jsem nej&Auml;ast&Auml;&#8250;ji j&Atilde;&iexcl;.Proto&Acirc;&nbsp;samoz&Aring;&#8482;ejm&Auml;&#8250; chci, aby hlavn&Auml;&#8250; kuchy&Aring;&#710; vyhovovala v prvn&Atilde;&shy; &Aring;&#8482;ad&Auml;&#8250;. A m&Auml;&#8250; tak&Atilde;&copy;&Acirc;&nbsp;m&Auml;&#8250; pot&Auml;&#8250;&Aring;&iexcl;ilo, &Aring;&frac34;e i m&Aring;&macr;j partner tohle uznal, &Aring;&frac34;e a&Aring;&yen; je kuchy&Aring;&#710; a ob&Atilde;&frac12;vac&Atilde;&shy; pokoj hlavn&Auml;&#8250; podle m&Auml;&#8250;, a dokonce tak&Atilde;&copy; na m&Auml;&#8250; nechal lo&Aring;&frac34;nici. Opravdu jsem se divila, bylo by to divn&Atilde;&copy;, zat&Atilde;&shy;mco on pr&Atilde;&frac12; si nech&Atilde;&iexcl; p&Aring;&macr;du a tak&Atilde;&copy; gar&Atilde;&iexcl;&Aring;&frac34;. S t&Atilde;&shy;mhle jsem absolutn&Auml;&#8250; &Aring;&frac34;&Atilde;&iexcl;dn&Atilde;&frac12; probl&Atilde;&copy;m nem&Auml;&#8250;la. M&Auml;&#8250; sta&Auml;&Atilde;&shy;, kdy&Aring;&frac34; j&Atilde;&iexcl; si povedu dom&Atilde;&iexcl;cnost. A&Acirc;&nbsp;kdy&Aring;&frac34; si tak&Atilde;&copy; j&Atilde;&iexcl; dom&Atilde;&iexcl;cnost&Acirc;&nbsp;mohu sama navrhnout a tak&Atilde;&copy; kr&Atilde;&iexcl;sn&Auml;&#8250; ud&Auml;&#8250;lat a p&Aring;&#8482;ed&Auml;&#8250;lat. J&Atilde;&iexcl; jsem si v&Aring;&frac34;dycky t&Aring;&#8482;eba n&Auml;&#8250;co &Aring;&#8482;ekla, co bych si p&Aring;&#8482;&Atilde;&iexcl;la do dom&Atilde;&iexcl;cnosti a partner to za&Aring;&#8482;&Atilde;&shy;dil. Mysl&Atilde;&shy;m si, &Aring;&frac34;e jsme skv&Auml;&#8250;l&Atilde;&iexcl; dvojka.&Acirc;&nbsp;                                                                                                                                                                                                                                                                                                                                                                                                "},{"@context":"https:\/\/schema.org\/","@type":"BreadcrumbList","itemListElement":[{"@type":"ListItem","position":1,"name":"Na\u0161e dom\u00e1cnost","item":"https:\/\/www.aest.cz\/nase-domacnost\/#breadcrumbitem"}]}]