[{"@context":"https:\/\/schema.org\/","@type":"Article","@id":"https:\/\/www.aest.cz\/chladne-pocasi-uz-nikdy-nebude-depresivni\/#Article","mainEntityOfPage":"https:\/\/www.aest.cz\/chladne-pocasi-uz-nikdy-nebude-depresivni\/","headline":"Chladn\u00e9 po\u010das\u00ed u\u017e nikdy nebude depresivn\u00ed","name":"Chladn\u00e9 po\u010das\u00ed u\u017e nikdy nebude depresivn\u00ed","description":"Jist\u011b nebudete jedin\u00ed, kdo by nejrad\u011bji vy\u0161krtl zimu z kalend\u00e1\u0159e. Lid\u00e9 maj\u00ed v\u011bt\u0161inou rad\u011bji jaro, \u010di l\u00e9to a sn\u00edh by nechali tak maxim\u00e1ln\u011b na hor\u00e1ch. My s t\u00edm v\u0161ak nic nenad\u011bl\u00e1me a mr\u00e1z n\u00e1s v \u010cesk\u00e9 republice bude st\u00edhat rok, co rok. M\u016f\u017eeme si ji v\u0161ak, ale zp\u0159\u00edjemnit t\u00edm, \u017ee si postav\u00edme zimn\u00ed zahrady k...<p class=\"more-link-wrap\"><a href=\"https:\/\/www.aest.cz\/chladne-pocasi-uz-nikdy-nebude-depresivni\/\" class=\"more-link\">P\u0159e\u010d\u00edst<span class=\"screen-reader-text\"> &ldquo;Chladn\u00e9 po\u010das\u00ed u\u017e nikdy nebude depresivn\u00ed&rdquo;<\/span> &raquo;<\/a><\/p>","datePublished":"2024-11-15","dateModified":"2024-11-15","author":{"@type":"Person","@id":"https:\/\/www.aest.cz\/author\/#Person","name":"","url":"https:\/\/www.aest.cz\/author\/","identifier":1,"image":{"@type":"ImageObject","@id":"https:\/\/secure.gravatar.com\/avatar\/da76ffe9456a057fb26f92cd8eb3d2effca853864e9ae2a35290bd1e10b1f7d4?s=96&d=mm&r=g","url":"https:\/\/secure.gravatar.com\/avatar\/da76ffe9456a057fb26f92cd8eb3d2effca853864e9ae2a35290bd1e10b1f7d4?s=96&d=mm&r=g","height":96,"width":96}},"publisher":{"@type":"Organization","name":"aest.cz","logo":{"@type":"ImageObject","@id":"\/logo.png","url":"\/logo.png","width":600,"height":60}},"url":"https:\/\/www.aest.cz\/chladne-pocasi-uz-nikdy-nebude-depresivni\/","wordCount":176,"articleBody":"Jist\u011b nebudete jedin\u00ed, kdo by nejrad\u011bji vy\u0161krtl zimu z kalend\u00e1\u0159e. Lid\u00e9 maj\u00ed v\u011bt\u0161inou rad\u011bji jaro, \u010di l\u00e9to a sn\u00edh by nechali tak maxim\u00e1ln\u011b na hor\u00e1ch. My s t\u00edm v\u0161ak nic nenad\u011bl\u00e1me a mr\u00e1z n\u00e1s v \u010cesk\u00e9 republice bude st\u00edhat rok, co rok. M\u016f\u017eeme si ji v\u0161ak, ale zp\u0159\u00edjemnit t\u00edm, \u017ee si postav\u00edme zimn\u00ed zahrady k Va\u0161im domov\u016fm a budete tak moct tr\u00e1vit \u010das venku a v teple.Dokonal\u00e1 st\u00edn\u00edc\u00ed technikaTato zahrada ale najde i sv\u00e9 vyu\u017eit\u00ed v l\u00e9t\u011b, kdy se budeme cht\u00edt schovat p\u0159ed slune\u010dn\u00edmi paprsky. Tehdy n\u00e1m p\u0159ijde vhod i st\u00edn\u00edc\u00ed technika a mnoho dal\u0161\u00edch v\u011bc\u00ed. Chceme V\u00e1m nab\u00edzet to nejnov\u011bj\u0161\u00ed, a proto u n\u00e1s pravideln\u011b najdete nov\u00e9 katalogy, kde m\u016f\u017eete z\u00edskat r\u016fzn\u00e1 skla, zateplen\u00ed a jin\u00e9 v\u011bci z nejnov\u011bj\u0161\u00edch kolekc\u00ed zahrani\u010dn\u00edch dodavatel\u016f.                                                                                                                                                                                                                                                                                                                                                                                                "},{"@context":"https:\/\/schema.org\/","@type":"BreadcrumbList","itemListElement":[{"@type":"ListItem","position":1,"name":"Chladn\u00e9 po\u010das\u00ed u\u017e nikdy nebude depresivn\u00ed","item":"https:\/\/www.aest.cz\/chladne-pocasi-uz-nikdy-nebude-depresivni\/#breadcrumbitem"}]}]