[{"@context":"https:\/\/schema.org\/","@type":"Article","@id":"https:\/\/www.aest.cz\/bazen-neni-jen-o-koupani\/#Article","mainEntityOfPage":"https:\/\/www.aest.cz\/bazen-neni-jen-o-koupani\/","headline":"Baz\u00e9n nen\u00ed jen o koup\u00e1n\u00ed","name":"Baz\u00e9n nen\u00ed jen o koup\u00e1n\u00ed","description":"Bl\u00ed\u017e\u00ed se l\u00e9to a s n\u00edm tak\u00e9 nesnesiteln\u00e9 horko, kter\u00e9 obt\u011b\u017euje naprosto ka\u017ed\u00e9ho v na\u0161\u00ed zemi, proto\u017ee my tu nem\u00e1me p\u0159\u00edjemn\u00e9 teplo s fajn vzduchem, v na\u0161\u00ed zemi to je trochu n\u011bco jin\u00e9ho ne\u017e vzduch u mo\u0159e, zde m\u00e1me dusno a kdy\u017e je horko, tak je opravdu horko a slunce pa\u0159\u00ed tak, \u017ee se \u010dlov\u011bk...<p class=\"more-link-wrap\"><a href=\"https:\/\/www.aest.cz\/bazen-neni-jen-o-koupani\/\" class=\"more-link\">P\u0159e\u010d\u00edst<span class=\"screen-reader-text\"> &ldquo;Baz\u00e9n nen\u00ed jen o koup\u00e1n\u00ed&rdquo;<\/span> &raquo;<\/a><\/p>","datePublished":"2023-03-25","dateModified":"2023-05-18","author":{"@type":"Person","@id":"https:\/\/www.aest.cz\/author\/#Person","name":"","url":"https:\/\/www.aest.cz\/author\/","identifier":1,"image":{"@type":"ImageObject","@id":"https:\/\/secure.gravatar.com\/avatar\/da76ffe9456a057fb26f92cd8eb3d2effca853864e9ae2a35290bd1e10b1f7d4?s=96&d=mm&r=g","url":"https:\/\/secure.gravatar.com\/avatar\/da76ffe9456a057fb26f92cd8eb3d2effca853864e9ae2a35290bd1e10b1f7d4?s=96&d=mm&r=g","height":96,"width":96}},"publisher":{"@type":"Organization","name":"aest.cz","logo":{"@type":"ImageObject","@id":"\/logo.png","url":"\/logo.png","width":600,"height":60}},"image":{"@type":"ImageObject","@id":"https:\/\/www.aest.cz\/wp-content\/uploads\/balloons-1761634__340%20(1).jpg","url":"https:\/\/www.aest.cz\/wp-content\/uploads\/balloons-1761634__340%20(1).jpg","height":0,"width":0},"url":"https:\/\/www.aest.cz\/bazen-neni-jen-o-koupani\/","about":["Zbo\u017e\u00ed"],"wordCount":465,"articleBody":"       Bl\u00ed\u017e\u00ed se l\u00e9to a s n\u00edm tak\u00e9 nesnesiteln\u00e9 horko, kter\u00e9 obt\u011b\u017euje naprosto ka\u017ed\u00e9ho v na\u0161\u00ed zemi, proto\u017ee my tu nem\u00e1me p\u0159\u00edjemn\u00e9 teplo s fajn vzduchem, v na\u0161\u00ed zemi to je trochu n\u011bco jin\u00e9ho ne\u017e vzduch u mo\u0159e, zde m\u00e1me dusno a kdy\u017e je horko, tak je opravdu horko a slunce pa\u0159\u00ed tak, \u017ee se \u010dlov\u011bk sp\u00e1l\u00ed i kdy\u017e je jaro. Je pot\u0159eba s t\u00edm po\u010d\u00edtat a tak\u00e9 se p\u0159\u00edslu\u0161n\u011b chr\u00e1nit, co\u017e m\u00e1lokdo v\u00ed. Ne v\u017edy je to toti\u017e jasn\u00e9 a lid\u00e9 se chr\u00e1n\u00ed jen v l\u00e9t\u011b a ani to kolikr\u00e1t ne. Jsou lid\u00e9, kte\u0159\u00ed nepou\u017e\u00edvaj\u00ed ochranu proti slunci, co\u017e je \u0161patn\u011b, proto\u017ee v\u0161ichni v\u00edme, \u017ee n\u00e1m slune\u010dn\u00ed z\u00e1\u0159en\u00ed ni\u010d\u00ed bu\u0148ky, kter\u00e9 se n\u00e1m mohou tak po\u0161kodit, a\u017e vznikne n\u00e1dorov\u00e9 d\u011blen\u00ed a dostaneme rakovinu k\u016f\u017ee. To \u010dlov\u011bk opravdu nechce, a proto by se m\u011bl tak\u00e9 p\u0159ed sluncem chr\u00e1nit. Je to d\u016fle\u017eit\u00e9 pro zdrav\u00ed n\u00e1s v\u0161ech, proto\u017ee slun\u00ed\u010dko v\u00e1m nejen m\u016f\u017ee zp\u016fsobit rakovinu k\u016f\u017ee, ale tak\u00e9 vr\u00e1sky, a to je dok\u00e1z\u00e1no. Pod\u00edvejte se na lidi, kte\u0159\u00ed cel\u00fd \u017eivot pracuj\u00ed venku na slunci. Nen\u00ed to moc hezk\u00fd pohled, \u017ee? Proto se chra\u0148te. A je t\u0159eba se chr\u00e1nit tak\u00e9 p\u0159ed p\u0159eh\u0159\u00e1t\u00edm organismu, nap\u0159\u00edklad v baz\u00e9nu. Baz\u00e9n je dobr\u00fd zp\u016fsob, jak udr\u017eet svou t\u011blesnou teplotu na norm\u00e1ln\u00ed \u00farovni a nep\u0159eh\u0159\u00e1t sv\u016fj organismus, co\u017e by vedlo k \u00fapalu nebo \u00fa\u017eehu, je vlastn\u011b jedno co z toho. Zkr\u00e1tka se chra\u0148te p\u0159ed sluncem i p\u0159ed horkem a rad\u011bji si po\u0159i\u010fte na hork\u00e9 letn\u00ed dny baz\u00e9n. Ov\u0161em nen\u00ed to jen tak a ur\u010dit\u011b to neznamen\u00e1, \u017ee si do n\u011bj jen napust\u00edte vodu a budete tam cel\u00e9 l\u00e9to plavat, to rozhodn\u011b ne, obzvl\u00e1\u0161\u0165 kdy\u017e se jedn\u00e1 o baz\u00e9n v zemi, kter\u00fd nestoj\u00ed p\u00e1r korun a mus\u00edte se o n\u011bj obzvl\u00e1\u0161\u0165 dob\u0159e starat. Je t\u0159eba ho nejen \u010distit ru\u010dn\u011b, a to st\u011bny baz\u00e9nu a r\u016fzn\u00e1 madla a podobn\u011b, je t\u0159eba ho ale tak\u00e9 \u010distit chemicky, a to konkr\u00e9tn\u011b vodu v n\u011bm pomoc\u00ed tablet do baz\u00e9nu. Vy to sice nevid\u00edte, ale voda obsahuje plno bakteri\u00ed a dal\u0161\u00edch mikroorganism\u016f, kter\u00e9 se tam mno\u017e\u00ed. A p\u0159eci nechcete plavat v baz\u00e9nu s dal\u0161\u00edmi x tis\u00edci mikroorganismy, kter\u00e9 nejsou pro va\u0161i k\u016f\u017ei moc dobr\u00e9, jsou \u0161kodliv\u00e9 a mohou zp\u016fsobovat r\u016fzn\u00e9 nemoci.                                                                                                                                                                                                                                                                                                                                                                                                  "},{"@context":"https:\/\/schema.org\/","@type":"BreadcrumbList","itemListElement":[{"@type":"ListItem","position":1,"name":"Baz\u00e9n nen\u00ed jen o koup\u00e1n\u00ed","item":"https:\/\/www.aest.cz\/bazen-neni-jen-o-koupani\/#breadcrumbitem"}]}]